{"id":1884,"date":"2022-10-28T10:00:54","date_gmt":"2022-10-28T08:00:54","guid":{"rendered":"http:\/\/www.grunerninstaufen.de\/bvgrn\/?p=1884"},"modified":"2023-01-20T09:03:58","modified_gmt":"2023-01-20T08:03:58","slug":"unser-dorfcafe-startet-2","status":"publish","type":"post","link":"http:\/\/www.grunerninstaufen.de\/bvgrn\/?p=1884","title":{"rendered":"Unser Dorfcaf\u00e9 kommt gut an, \u00d6ffnungszeiten"},"content":{"rendered":"<p>Unser Dorfcaf\u00e9 im alten Rathaus in Grunern l\u00e4uft seit dem 28.09.2021. Alle sind eingeladen, viele kommen und genie\u00dfen das sch\u00f6ne Wetter. Wir passen uns an die Nachfrage an:<\/p>\n<p><strong>\u00d6ffnungzeiten<\/strong> ab 01.11.2022 bis 31.12.2023:\u00a0\u00a0 <strong>ab 01.01.2023 siehe<\/strong>\u00a0<a href=\"http:\/\/www.grunerninstaufen.de\/bvgrn\/?p=1920\">aktuelle \u00d6ffunungszeiten<\/a><\/p>\n<p><img loading=\"lazy\" decoding=\"async\" class=\"wp-image-1885 size-medium alignleft\" src=\"http:\/\/www.grunerninstaufen.de\/bvgrn\/wp-content\/uploads\/2022\/10\/Oeffnungzeiten22a-300x212.jpg\" alt=\"\" width=\"300\" height=\"212\" srcset=\"http:\/\/www.grunerninstaufen.de\/bvgrn\/wp-content\/uploads\/2022\/10\/Oeffnungzeiten22a-300x212.jpg 300w, http:\/\/www.grunerninstaufen.de\/bvgrn\/wp-content\/uploads\/2022\/10\/Oeffnungzeiten22a-1024x724.jpg 1024w, http:\/\/www.grunerninstaufen.de\/bvgrn\/wp-content\/uploads\/2022\/10\/Oeffnungzeiten22a-768x543.jpg 768w, http:\/\/www.grunerninstaufen.de\/bvgrn\/wp-content\/uploads\/2022\/10\/Oeffnungzeiten22a-1140x806.jpg 1140w, http:\/\/www.grunerninstaufen.de\/bvgrn\/wp-content\/uploads\/2022\/10\/Oeffnungzeiten22a.jpg 1169w\" sizes=\"auto, (max-width: 300px) 100vw, 300px\" \/><\/p>\n<p>&nbsp;<\/p>\n<p>&nbsp;<\/p>\n<p>&nbsp;<\/p>\n<p>&nbsp;<\/p>\n<p>&nbsp;<\/p>\n<p>&nbsp;<\/p>\n<p>Freitags gibt es einen Feierabendtreff, ab jetzt jede Woche.<\/p>\n<p>Ein gro\u00dfer Dank geht an unsere Sponsoren, die uns kr\u00e4ftig unterst\u00fctzt haben.<\/p>\n<p><img loading=\"lazy\" decoding=\"async\" class=\"alignleft wp-image-1867 size-large\" src=\"http:\/\/www.grunerninstaufen.de\/bvgrn\/wp-content\/uploads\/2022\/10\/Sponsorentafel-583x1024.jpg\" alt=\"\" width=\"960\" height=\"679\" \/><\/p>\n","protected":false},"excerpt":{"rendered":"<p>Unser Dorfcaf\u00e9 im alten Rathaus in Grunern l\u00e4uft seit dem 28.09.2021. Alle sind eingeladen, viele kommen und genie\u00dfen das sch\u00f6ne Wetter. Wir passen uns an die Nachfrage an: \u00d6ffnungzeiten ab 01.11.2022 bis 31.12.2023:\u00a0\u00a0 ab 01.01.2023 siehe\u00a0aktuelle \u00d6ffunungszeiten &nbsp; &nbsp; &nbsp; &nbsp; &nbsp; &nbsp; Freitags gibt es einen Feierabendtreff, ab jetzt jede Woche. Ein gro\u00dfer Dank geht an unsere Sponsoren, die uns kr\u00e4ftig unterst\u00fctzt haben.<\/p>\n","protected":false},"author":1,"featured_media":0,"comment_status":"closed","ping_status":"closed","sticky":false,"template":"","format":"standard","meta":{"footnotes":""},"categories":[3,34],"tags":[35],"class_list":["post-1884","post","type-post","status-publish","format-standard","hentry","category-alle","category-unserdorfcafe","tag-dorfcafe"],"_links":{"self":[{"href":"http:\/\/www.grunerninstaufen.de\/bvgrn\/index.php?rest_route=\/wp\/v2\/posts\/1884","targetHints":{"allow":["GET"]}}],"collection":[{"href":"http:\/\/www.grunerninstaufen.de\/bvgrn\/index.php?rest_route=\/wp\/v2\/posts"}],"about":[{"href":"http:\/\/www.grunerninstaufen.de\/bvgrn\/index.php?rest_route=\/wp\/v2\/types\/post"}],"author":[{"embeddable":true,"href":"http:\/\/www.grunerninstaufen.de\/bvgrn\/index.php?rest_route=\/wp\/v2\/users\/1"}],"replies":[{"embeddable":true,"href":"http:\/\/www.grunerninstaufen.de\/bvgrn\/index.php?rest_route=%2Fwp%2Fv2%2Fcomments&post=1884"}],"version-history":[{"count":5,"href":"http:\/\/www.grunerninstaufen.de\/bvgrn\/index.php?rest_route=\/wp\/v2\/posts\/1884\/revisions"}],"predecessor-version":[{"id":1954,"href":"http:\/\/www.grunerninstaufen.de\/bvgrn\/index.php?rest_route=\/wp\/v2\/posts\/1884\/revisions\/1954"}],"wp:attachment":[{"href":"http:\/\/www.grunerninstaufen.de\/bvgrn\/index.php?rest_route=%2Fwp%2Fv2%2Fmedia&parent=1884"}],"wp:term":[{"taxonomy":"category","embeddable":true,"href":"http:\/\/www.grunerninstaufen.de\/bvgrn\/index.php?rest_route=%2Fwp%2Fv2%2Fcategories&post=1884"},{"taxonomy":"post_tag","embeddable":true,"href":"http:\/\/www.grunerninstaufen.de\/bvgrn\/index.php?rest_route=%2Fwp%2Fv2%2Ftags&post=1884"}],"curies":[{"name":"wp","href":"https:\/\/api.w.org\/{rel}","templated":true}]}}