{"id":1902,"date":"2022-09-30T10:00:54","date_gmt":"2022-09-30T08:00:54","guid":{"rendered":"http:\/\/www.grunerninstaufen.de\/bvgrn\/?p=1902"},"modified":"2022-11-27T10:20:21","modified_gmt":"2022-11-27T09:20:21","slug":"unser-dorfcafe-startet-3","status":"publish","type":"post","link":"http:\/\/www.grunerninstaufen.de\/bvgrn\/?p=1902","title":{"rendered":"Unser Dorfcaf\u00e9 in der Presse"},"content":{"rendered":"<p>Unser Dorfcaf\u00e9 im alten Rathaus in Grunern wurde in der Badischen Zeitung beschrieben (Ausz\u00fcge):<\/p>\n<p>&#8222;Betrieben wird das neue Caf\u00e9 ehrenamtlich durch zwei Vereine: den B\u00fcrgerverein Grunern und \u201eUnser Dorfladen\u201c. <!--more-->Ulrich W\u00fcst ist erster Vorsitzender bei \u201eUnser Dorfladen\u201c und sichtlich stolz auf das, was die Grunerner da gemeinsam auf die Beine gestellt haben: \u201eEs bestand hier schon lange der Bedarf nach einem Treffpunkt. Als die Kernzeitbetreuung aus dem Alten Rathaus auszog, war das die perfekte Gelegenheit\u201c, berichtet er. Im Erdgeschoss entstanden zwei helle und gem\u00fctliche Gastr\u00e4ume mit insgesamt 21 Sitzpl\u00e4tzen. Hier werden in Zukunft kleine Speisen wie Flammenkuchen, Vesper und verschiedene Kuchen sowie eine umfassende Getr\u00e4nkeauswahl angeboten.&#8220;<\/p>\n<p>&#8222;Das Dorfcaf\u00e9 bietet neben Essen und Trinken aber auch andere M\u00f6glichkeiten der Begegnung. \u201eVorgesehen sind Bastel- und Spielnachmittage, Informations- und Diskussionsrunden sowie leichte gymnastische \u00dcbungen. Es steht f\u00fcr alle offen\u201c, so Wolfgang Kaltenbach vom B\u00fcrgerverein. Auch Menschen mit k\u00f6rperlichen Einschr\u00e4nkungen k\u00f6nnen dank einer behindertengerechten Toilette und einem rollstuhlgerechten Zugang \u201eUnser Dorfcaf\u00e9\u201c besuchen. Viele Grunerner haben ehrenamtlich mit jeder Menge Stunden und Engagement beim Aufbau und der Einrichtung mitgeholfen. Sie betreiben auch k\u00fcnftig das Dorfcaf\u00e9 im Ehrenamt. \u201e\u00d6rtliche Firmen und Privatpersonen sowie die Aktion Mensch haben das Projekt mit Geld- oder Sachleistungen unterst\u00fctzt\u201c, erg\u00e4nzt Kaltenbach. Die Stadt Staufen stellt das Alte Rathaus zur Verf\u00fcgung und hat den Umbau veranlasst und mitfinanziert.&#8220;<\/p>\n<p>&#8222;Das \u201eUnser Dorfcaf\u00e9\u201c im Alten Rathaus \u00f6ffnet ab 28. September regelm\u00e4\u00dfig jeden Mittwoch, Donnerstag und Sonntag von 13 bis 17 Uhr.&#8220;<\/p>\n<p><a href=\"https:\/\/sonderthemen.badische-zeitung.de\/dorfcafe-grunern-22538\/breisgau\/unser-dorfcafe-staufen-grunern-umbau-spielnachmittage-feierabendtreff-87798\" target=\"_blank\" rel=\"noopener\">Der ganze Zeitungsbericht<\/a><\/p>\n<p>&nbsp;<\/p>\n","protected":false},"excerpt":{"rendered":"<p>Unser Dorfcaf\u00e9 im alten Rathaus in Grunern wurde in der Badischen Zeitung beschrieben (Ausz\u00fcge): &#8222;Betrieben wird das neue Caf\u00e9 ehrenamtlich durch zwei Vereine: den B\u00fcrgerverein Grunern und \u201eUnser Dorfladen\u201c.<\/p>\n","protected":false},"author":1,"featured_media":0,"comment_status":"closed","ping_status":"closed","sticky":false,"template":"","format":"standard","meta":{"footnotes":""},"categories":[3,34],"tags":[],"class_list":["post-1902","post","type-post","status-publish","format-standard","hentry","category-alle","category-unserdorfcafe"],"_links":{"self":[{"href":"http:\/\/www.grunerninstaufen.de\/bvgrn\/index.php?rest_route=\/wp\/v2\/posts\/1902","targetHints":{"allow":["GET"]}}],"collection":[{"href":"http:\/\/www.grunerninstaufen.de\/bvgrn\/index.php?rest_route=\/wp\/v2\/posts"}],"about":[{"href":"http:\/\/www.grunerninstaufen.de\/bvgrn\/index.php?rest_route=\/wp\/v2\/types\/post"}],"author":[{"embeddable":true,"href":"http:\/\/www.grunerninstaufen.de\/bvgrn\/index.php?rest_route=\/wp\/v2\/users\/1"}],"replies":[{"embeddable":true,"href":"http:\/\/www.grunerninstaufen.de\/bvgrn\/index.php?rest_route=%2Fwp%2Fv2%2Fcomments&post=1902"}],"version-history":[{"count":2,"href":"http:\/\/www.grunerninstaufen.de\/bvgrn\/index.php?rest_route=\/wp\/v2\/posts\/1902\/revisions"}],"predecessor-version":[{"id":1904,"href":"http:\/\/www.grunerninstaufen.de\/bvgrn\/index.php?rest_route=\/wp\/v2\/posts\/1902\/revisions\/1904"}],"wp:attachment":[{"href":"http:\/\/www.grunerninstaufen.de\/bvgrn\/index.php?rest_route=%2Fwp%2Fv2%2Fmedia&parent=1902"}],"wp:term":[{"taxonomy":"category","embeddable":true,"href":"http:\/\/www.grunerninstaufen.de\/bvgrn\/index.php?rest_route=%2Fwp%2Fv2%2Fcategories&post=1902"},{"taxonomy":"post_tag","embeddable":true,"href":"http:\/\/www.grunerninstaufen.de\/bvgrn\/index.php?rest_route=%2Fwp%2Fv2%2Ftags&post=1902"}],"curies":[{"name":"wp","href":"https:\/\/api.w.org\/{rel}","templated":true}]}}