{"id":2289,"date":"2022-12-05T09:41:05","date_gmt":"2022-12-05T08:41:05","guid":{"rendered":"https:\/\/www.grunerninstaufen.de\/bvgrn\/?p=2289"},"modified":"2022-12-05T09:41:05","modified_gmt":"2022-12-05T08:41:05","slug":"grunermer-weihnachtsmarkt-2022-2","status":"publish","type":"post","link":"http:\/\/www.grunerninstaufen.de\/bvgrn\/?p=2289","title":{"rendered":"Grunermer Weihnachtsmarkt 2022"},"content":{"rendered":"<p><span style=\"font-family: Calibri-BoldItalic, serif;\"><span style=\"font-size: small;\"><i><b>Ein bisschen Budenzauber, Lichterglanz und heimelige Stimmung<\/b><\/i><\/span><\/span><\/p>\n<p><span style=\"font-family: Calibri, serif;\"><span style=\"font-size: small;\">Entspannt \u00fcber den vertr\u00e4umten kleinen Markt spazieren, liebe Freunde und Bekannte treffen, feine Leckerbissen genie\u00dfen und in der Winterluft der Musik lauschen \u2013 wir freuen wir uns wieder auf unseren <\/span><\/span><span style=\"font-family: Calibri, serif;\"><span style=\"font-size: small;\">Weihnachtsmarkt!\u00a0\u00a0 <a href=\"http:\/\/www.grunerninstaufen.de\/bvgrn\/wp-content\/uploads\/2022\/10\/Weihnachtsmarkt_2022.pdf\">Weihnachtsmarkt_2022<\/a><br \/>\n<\/span><\/span><\/p>\n<p align=\"center\"><span style=\"font-family: Calibri-BoldItalic, serif;\"><span style=\"font-size: small;\"><i><b>Wir laden alle herzlich zum diesj\u00e4hrigen Grunermer Weihnachtsmarkt<\/b><\/i><\/span><\/span><\/p>\n<p align=\"center\"><a name=\"_Hlk120863968\"><\/a> <span style=\"font-family: Calibri-BoldItalic, serif;\"><span style=\"font-size: small;\"><i><b>am Sonntag, 11. Dezember 2022 (3. Advent), von 15.00 bis 19.00 Uhr ein.\u00a0<\/b><\/i><\/span><\/span><\/p>\n<p align=\"center\"><span style=\"font-family: Calibri-BoldItalic, serif;\"><span style=\"font-size: small;\"><i><b>\u00a0 <a href=\"http:\/\/www.grunerninstaufen.de\/bvgrn\/?p=1876\" target=\"_blank\" rel=\"noopener\">Termin-Details<\/a><br \/>\n<\/b><\/i><\/span><\/span><\/p>\n<p><span style=\"font-family: Calibri, serif;\"><span style=\"font-size: small;\">Wer sich auch so auf den Tag freut wie wir und nun Lust bekommen hat, tatkr\u00e4ftig mitzugestalten\/-zu helfen\u2013 hier die Details, wo mit angepackt werden kann:<\/span><\/span><\/p>\n<p><span style=\"font-family: Calibri-BoldItalic, serif;\"><span style=\"font-size: small;\"><i>Aufbau der St\u00e4nde <\/i><\/span><\/span><span style=\"font-family: Calibri, serif;\"><span style=\"font-size: small;\">inklusive Tannenschmuck und Lichterketten: <\/span><\/span><span style=\"font-family: Calibri, serif;\"><span style=\"font-size: small;\">Samstag, 10. Dezember, ab 11::00 Uhr<\/span><\/span><\/p>\n<p><span style=\"font-family: Calibri-BoldItalic, serif;\"><span style=\"font-size: small;\"><i><b>\u00dcber Ihre\/Eure Mithilfe w\u00fcrden wir uns sehr freuen. Eine gesegnete Adventszeit w\u00fcnscht <\/b><\/i><\/span><\/span><\/p>\n<p>Achim Breit<\/p>\n<p>Ps.: <span style=\"font-family: Calibri, serif;\"><span style=\"font-size: small;\"> Bei Interesse gerne unter <\/span><\/span><span style=\"color: #0000ff;\"><u><a href=\"mailto:kontakt@grunern.de\"><span style=\"font-family: Calibri, serif;\"><span style=\"font-size: small;\">kontakt@grunern.de<\/span><\/span><\/a><\/u><\/span><span style=\"font-family: Calibri, serif;\"><span style=\"font-size: small;\"> melden<\/span><\/span><\/p>\n","protected":false},"excerpt":{"rendered":"<p>Ein bisschen Budenzauber, Lichterglanz und heimelige Stimmung Entspannt \u00fcber den vertr\u00e4umten kleinen Markt spazieren, liebe Freunde und Bekannte treffen, feine Leckerbissen genie\u00dfen und in der Winterluft der Musik lauschen \u2013 wir freuen wir uns wieder auf unseren Weihnachtsmarkt!\u00a0\u00a0 Weihnachtsmarkt_2022 Wir laden alle herzlich zum diesj\u00e4hrigen Grunermer Weihnachtsmarkt am Sonntag, 11. Dezember 2022 (3. Advent), von 15.00 bis 19.00 Uhr ein.\u00a0 \u00a0 Termin-Details Wer sich auch so auf den Tag freut wie wir und nun Lust bekommen hat, tatkr\u00e4ftig mitzugestalten\/-zu helfen\u2013 hier die Details, wo mit angepackt werden kann: Aufbau der St\u00e4nde inklusive Tannenschmuck und Lichterketten: Samstag, 10. Dezember, ab 11::00 Uhr \u00dcber Ihre\/Eure Mithilfe w\u00fcrden wir uns sehr freuen. Eine gesegnete Adventszeit w\u00fcnscht Achim Breit Ps.: Bei Interesse gerne unter kontakt@grunern.de melden<\/p>\n","protected":false},"author":1,"featured_media":0,"comment_status":"closed","ping_status":"closed","sticky":false,"template":"","format":"standard","meta":{"footnotes":""},"categories":[3,6],"tags":[],"class_list":["post-2289","post","type-post","status-publish","format-standard","hentry","category-alle","category-kultur"],"_links":{"self":[{"href":"http:\/\/www.grunerninstaufen.de\/bvgrn\/index.php?rest_route=\/wp\/v2\/posts\/2289","targetHints":{"allow":["GET"]}}],"collection":[{"href":"http:\/\/www.grunerninstaufen.de\/bvgrn\/index.php?rest_route=\/wp\/v2\/posts"}],"about":[{"href":"http:\/\/www.grunerninstaufen.de\/bvgrn\/index.php?rest_route=\/wp\/v2\/types\/post"}],"author":[{"embeddable":true,"href":"http:\/\/www.grunerninstaufen.de\/bvgrn\/index.php?rest_route=\/wp\/v2\/users\/1"}],"replies":[{"embeddable":true,"href":"http:\/\/www.grunerninstaufen.de\/bvgrn\/index.php?rest_route=%2Fwp%2Fv2%2Fcomments&post=2289"}],"version-history":[{"count":0,"href":"http:\/\/www.grunerninstaufen.de\/bvgrn\/index.php?rest_route=\/wp\/v2\/posts\/2289\/revisions"}],"wp:attachment":[{"href":"http:\/\/www.grunerninstaufen.de\/bvgrn\/index.php?rest_route=%2Fwp%2Fv2%2Fmedia&parent=2289"}],"wp:term":[{"taxonomy":"category","embeddable":true,"href":"http:\/\/www.grunerninstaufen.de\/bvgrn\/index.php?rest_route=%2Fwp%2Fv2%2Fcategories&post=2289"},{"taxonomy":"post_tag","embeddable":true,"href":"http:\/\/www.grunerninstaufen.de\/bvgrn\/index.php?rest_route=%2Fwp%2Fv2%2Ftags&post=2289"}],"curies":[{"name":"wp","href":"https:\/\/api.w.org\/{rel}","templated":true}]}}