{"id":2355,"date":"2024-03-19T08:00:47","date_gmt":"2024-03-19T07:00:47","guid":{"rendered":"https:\/\/www.grunerninstaufen.de\/bvgrn\/?p=2355"},"modified":"2024-03-19T12:00:00","modified_gmt":"2024-03-19T11:00:00","slug":"fruehschoppen-am-ersten-mai-2-2","status":"publish","type":"post","link":"http:\/\/www.grunerninstaufen.de\/bvgrn\/?p=2355","title":{"rendered":"Fr\u00fchschoppen am ersten Mai 2024"},"content":{"rendered":"<div class=\"post-content\">\n<h2>Fr\u00fchschoppen \u2013 Begr\u00fc\u00dfen Sie mit uns den Mai!<\/h2>\n<p>Vor dem B\u00fcrgerhaus \/ Alte Schule in Grunern<br \/>\nBeginn: 10:00 Uhr<br \/>\nF\u00fcr das leibliche Wohl ist mit Wei\u00dfw\u00fcrsten, Wei\u00dfbier, Kaffee &amp; Hefezopf bestens gesorgt.<br \/>\nWir freuen uns \u00fcber die Unterst\u00fctzung des Musikvereins Grunern,<br \/>\nauf ein geselliges Beisammensein in unserer Dorfmitte und auf Ihren Besuch!<\/p>\n<p><a href=\"http:\/\/www.grunerninstaufen.de\/bvgrn\/wp-content\/uploads\/2024\/03\/Plakat_Maihock_2024.jpg\"><img loading=\"lazy\" decoding=\"async\" class=\"wp-image-2348 size-large alignnone\" src=\"http:\/\/www.grunerninstaufen.de\/bvgrn\/wp-content\/uploads\/2024\/03\/Plakat_Maihock_2024-724x1024.jpg\" alt=\"\" width=\"724\" height=\"1024\" srcset=\"http:\/\/www.grunerninstaufen.de\/bvgrn\/wp-content\/uploads\/2024\/03\/Plakat_Maihock_2024-724x1024.jpg 724w, http:\/\/www.grunerninstaufen.de\/bvgrn\/wp-content\/uploads\/2024\/03\/Plakat_Maihock_2024-212x300.jpg 212w, http:\/\/www.grunerninstaufen.de\/bvgrn\/wp-content\/uploads\/2024\/03\/Plakat_Maihock_2024-768x1087.jpg 768w, http:\/\/www.grunerninstaufen.de\/bvgrn\/wp-content\/uploads\/2024\/03\/Plakat_Maihock_2024-1086x1536.jpg 1086w, http:\/\/www.grunerninstaufen.de\/bvgrn\/wp-content\/uploads\/2024\/03\/Plakat_Maihock_2024-1140x1613.jpg 1140w, http:\/\/www.grunerninstaufen.de\/bvgrn\/wp-content\/uploads\/2024\/03\/Plakat_Maihock_2024.jpg 1169w\" sizes=\"auto, (max-width: 724px) 100vw, 724px\" \/><\/a><\/p>\n<\/div>\n","protected":false},"excerpt":{"rendered":"<p>Fr\u00fchschoppen \u2013 Begr\u00fc\u00dfen Sie mit uns den Mai! Vor dem B\u00fcrgerhaus \/ Alte Schule in Grunern Beginn: 10:00 Uhr F\u00fcr das leibliche Wohl ist mit Wei\u00dfw\u00fcrsten, Wei\u00dfbier, Kaffee &amp; Hefezopf bestens gesorgt. Wir freuen uns \u00fcber die Unterst\u00fctzung des Musikvereins Grunern, auf ein geselliges Beisammensein in unserer Dorfmitte und auf Ihren Besuch!<\/p>\n","protected":false},"author":1,"featured_media":0,"comment_status":"closed","ping_status":"closed","sticky":false,"template":"","format":"standard","meta":{"footnotes":""},"categories":[3,6],"tags":[],"class_list":["post-2355","post","type-post","status-publish","format-standard","hentry","category-alle","category-kultur"],"_links":{"self":[{"href":"http:\/\/www.grunerninstaufen.de\/bvgrn\/index.php?rest_route=\/wp\/v2\/posts\/2355","targetHints":{"allow":["GET"]}}],"collection":[{"href":"http:\/\/www.grunerninstaufen.de\/bvgrn\/index.php?rest_route=\/wp\/v2\/posts"}],"about":[{"href":"http:\/\/www.grunerninstaufen.de\/bvgrn\/index.php?rest_route=\/wp\/v2\/types\/post"}],"author":[{"embeddable":true,"href":"http:\/\/www.grunerninstaufen.de\/bvgrn\/index.php?rest_route=\/wp\/v2\/users\/1"}],"replies":[{"embeddable":true,"href":"http:\/\/www.grunerninstaufen.de\/bvgrn\/index.php?rest_route=%2Fwp%2Fv2%2Fcomments&post=2355"}],"version-history":[{"count":3,"href":"http:\/\/www.grunerninstaufen.de\/bvgrn\/index.php?rest_route=\/wp\/v2\/posts\/2355\/revisions"}],"predecessor-version":[{"id":2358,"href":"http:\/\/www.grunerninstaufen.de\/bvgrn\/index.php?rest_route=\/wp\/v2\/posts\/2355\/revisions\/2358"}],"wp:attachment":[{"href":"http:\/\/www.grunerninstaufen.de\/bvgrn\/index.php?rest_route=%2Fwp%2Fv2%2Fmedia&parent=2355"}],"wp:term":[{"taxonomy":"category","embeddable":true,"href":"http:\/\/www.grunerninstaufen.de\/bvgrn\/index.php?rest_route=%2Fwp%2Fv2%2Fcategories&post=2355"},{"taxonomy":"post_tag","embeddable":true,"href":"http:\/\/www.grunerninstaufen.de\/bvgrn\/index.php?rest_route=%2Fwp%2Fv2%2Ftags&post=2355"}],"curies":[{"name":"wp","href":"https:\/\/api.w.org\/{rel}","templated":true}]}}