{"id":2774,"date":"2022-09-26T11:20:07","date_gmt":"2022-09-26T09:20:07","guid":{"rendered":"https:\/\/www.grunerninstaufen.de\/bvgrn\/?p=2774"},"modified":"2026-01-04T10:07:44","modified_gmt":"2026-01-04T09:07:44","slug":"umbau-des-alten-rathauses-beendet-2","status":"publish","type":"post","link":"http:\/\/www.grunerninstaufen.de\/bvgrn\/?p=2774","title":{"rendered":"Das Dorfcaf\u00e9 startet"},"content":{"rendered":"<p>Das Dorfcaf\u00e9 startet am 24.09.2022.<\/p>\n<p>Ein gro\u00dfer Dank geht an die vielen Freiwilligen und unsere Sponsoren, die uns kr\u00e4ftig unterst\u00fctzt haben.<\/p>\n<p>Siehe auch unter &#8222;Unser Dorfladen&#8220;: <a href=\"http:\/\/www.dorfladen-grunern.de\/wordpress\/?p=148\" target=\"_blank\" rel=\"noopener\">Eintrag unter Dorfladen<\/a><\/p>\n<p><a href=\"https:\/\/sonderthemen.badische-zeitung.de\/dorfcafe-grunern-22538\/breisgau\/unser-dorfcafe-staufen-grunern-umbau-spielnachmittage-feierabendtreff-87798?preview=TRM37c4e1f6ac8a34ad5558757e8f1e4d410\" target=\"_blank\" rel=\"noopener\">Bericht in der Badischen Zeitung<\/a><\/p>\n","protected":false},"excerpt":{"rendered":"<p>Das Dorfcaf\u00e9 startet am 24.09.2022. Ein gro\u00dfer Dank geht an die vielen Freiwilligen und unsere Sponsoren, die uns kr\u00e4ftig unterst\u00fctzt haben. Siehe auch unter &#8222;Unser Dorfladen&#8220;: Eintrag unter Dorfladen Bericht in der Badischen Zeitung<\/p>\n","protected":false},"author":1,"featured_media":0,"comment_status":"closed","ping_status":"closed","sticky":false,"template":"","format":"standard","meta":{"footnotes":""},"categories":[30,34],"tags":[],"class_list":["post-2774","post","type-post","status-publish","format-standard","hentry","category-altes_rathaus","category-unserdorfcafe"],"_links":{"self":[{"href":"http:\/\/www.grunerninstaufen.de\/bvgrn\/index.php?rest_route=\/wp\/v2\/posts\/2774","targetHints":{"allow":["GET"]}}],"collection":[{"href":"http:\/\/www.grunerninstaufen.de\/bvgrn\/index.php?rest_route=\/wp\/v2\/posts"}],"about":[{"href":"http:\/\/www.grunerninstaufen.de\/bvgrn\/index.php?rest_route=\/wp\/v2\/types\/post"}],"author":[{"embeddable":true,"href":"http:\/\/www.grunerninstaufen.de\/bvgrn\/index.php?rest_route=\/wp\/v2\/users\/1"}],"replies":[{"embeddable":true,"href":"http:\/\/www.grunerninstaufen.de\/bvgrn\/index.php?rest_route=%2Fwp%2Fv2%2Fcomments&post=2774"}],"version-history":[{"count":4,"href":"http:\/\/www.grunerninstaufen.de\/bvgrn\/index.php?rest_route=\/wp\/v2\/posts\/2774\/revisions"}],"predecessor-version":[{"id":2778,"href":"http:\/\/www.grunerninstaufen.de\/bvgrn\/index.php?rest_route=\/wp\/v2\/posts\/2774\/revisions\/2778"}],"wp:attachment":[{"href":"http:\/\/www.grunerninstaufen.de\/bvgrn\/index.php?rest_route=%2Fwp%2Fv2%2Fmedia&parent=2774"}],"wp:term":[{"taxonomy":"category","embeddable":true,"href":"http:\/\/www.grunerninstaufen.de\/bvgrn\/index.php?rest_route=%2Fwp%2Fv2%2Fcategories&post=2774"},{"taxonomy":"post_tag","embeddable":true,"href":"http:\/\/www.grunerninstaufen.de\/bvgrn\/index.php?rest_route=%2Fwp%2Fv2%2Ftags&post=2774"}],"curies":[{"name":"wp","href":"https:\/\/api.w.org\/{rel}","templated":true}]}}