{"id":689,"date":"2018-02-03T10:09:58","date_gmt":"2018-02-03T09:09:58","guid":{"rendered":"http:\/\/www.grunern.de\/wordpress\/?p=689"},"modified":"2018-02-03T10:09:58","modified_gmt":"2018-02-03T09:09:58","slug":"ankunft-der-stoerche-2018","status":"publish","type":"post","link":"http:\/\/www.grunerninstaufen.de\/bvgrn\/?p=689","title":{"rendered":"Ankunft der St\u00f6rche 2018"},"content":{"rendered":"<p><strong>Viel, viel zu fr\u00fch!<\/strong><br \/>\nSonntag, 28.01.2018 <!--more--><br \/>\nHugo kam wohl am Donnerstag 25. Januar in Grunern an. Bereits am Freitag d\u00fcrfte sich ein weiterer (m\u00e4nnlicher) Storch in Grunern\u00a0 umschauen. Als er sich heute auf den Kastner-Horst hockte wurde er sofort von Hugo attackiert.<a href=\"http:\/\/www.grunerninstaufen.de\/bvgrn\/wp-content\/uploads\/2018\/02\/Storch181.jpg\"><img loading=\"lazy\" decoding=\"async\" class=\"alignright wp-image-693\" src=\"http:\/\/www.grunerninstaufen.de\/bvgrn\/wp-content\/uploads\/2018\/02\/Storch181-150x150.jpg\" alt=\"\" width=\"200\" height=\"133\" srcset=\"http:\/\/www.grunerninstaufen.de\/bvgrn\/wp-content\/uploads\/2018\/02\/Storch181-300x199.jpg 300w, http:\/\/www.grunerninstaufen.de\/bvgrn\/wp-content\/uploads\/2018\/02\/Storch181-500x330.jpg 500w, http:\/\/www.grunerninstaufen.de\/bvgrn\/wp-content\/uploads\/2018\/02\/Storch181.jpg 640w\" sizes=\"auto, (max-width: 200px) 100vw, 200px\" \/><\/a><br \/>\nAuf der anderen Seite greifen auch Kr\u00e4hen die St\u00f6rche an. Beim Flug passiere es dass eine Kr\u00e4he einen Storch dicht begleitete.<br \/>\nDer Eingangsbereich der Kirche ist wieder in Gefahr\u00a0 zu verkoten. Am Samstag hat sich der zweiter Storch auf dem Dach niedergelassen. Dieser sucht zwar einen Horst, k\u00f6nnte aber (a) auf der Kirche bauen, da er bei Kastner durch Hugo vertrieben wird oder (b) durch andere St\u00f6rche ersetzt werde, die wie im letzen Jahr sich<br \/>\ngerne auf der Kirche aufhalten. Das Geb\u00e4ude ist einfach gut.<br \/>\nKonrad<\/p>\n<hr \/>\n<p>Eine kleine Tradition, die Ankunft der St\u00f6rche im Februar, jedoch inzwischen kommen sie immer fr\u00fcher. Am 25. Januar bereits stand Hugo, unser Brutstorch der letzten Jahre, auf seinem Horst. Damit war mal wieder nicht zu rechnen; normal ist die Ankunft zwischen M\u00e4rz und April.<br \/>\nHeike Dietsche, Hans Pfefferle und ich hatten den Horst erst kurz davor zur\u00fcckgebaut, da unser Brutpaar 2017, Hugo und Barbara, im letzten Jahr kr\u00e4ftig Zweige auflegte.<br \/>\nNun ist ER also wieder da. Hugo baut aus, vertreibt alles, was an St\u00f6rchen auftaucht und hat bereits eine St\u00f6rchin Olga (ohne Ring) an seiner Seite. Und was ist mit Barbara, der traditionellen Partnerin von Hugo? Vermutlich kommt SIE wie alle Jahre ein klein wenig sp\u00e4ter und schmei\u00dft Olga aus dem \u201eStorchenbett\u201c.<br \/>\nNix Neues also!<br \/>\nKonrad Gramelspacher <\/p>\n","protected":false},"excerpt":{"rendered":"<p>Viel, viel zu fr\u00fch! Sonntag, 28.01.2018<\/p>\n","protected":false},"author":1,"featured_media":0,"comment_status":"closed","ping_status":"open","sticky":false,"template":"","format":"standard","meta":{"footnotes":""},"categories":[3,10],"tags":[],"class_list":["post-689","post","type-post","status-publish","format-standard","hentry","category-alle","category-stoerche"],"_links":{"self":[{"href":"http:\/\/www.grunerninstaufen.de\/bvgrn\/index.php?rest_route=\/wp\/v2\/posts\/689","targetHints":{"allow":["GET"]}}],"collection":[{"href":"http:\/\/www.grunerninstaufen.de\/bvgrn\/index.php?rest_route=\/wp\/v2\/posts"}],"about":[{"href":"http:\/\/www.grunerninstaufen.de\/bvgrn\/index.php?rest_route=\/wp\/v2\/types\/post"}],"author":[{"embeddable":true,"href":"http:\/\/www.grunerninstaufen.de\/bvgrn\/index.php?rest_route=\/wp\/v2\/users\/1"}],"replies":[{"embeddable":true,"href":"http:\/\/www.grunerninstaufen.de\/bvgrn\/index.php?rest_route=%2Fwp%2Fv2%2Fcomments&post=689"}],"version-history":[{"count":0,"href":"http:\/\/www.grunerninstaufen.de\/bvgrn\/index.php?rest_route=\/wp\/v2\/posts\/689\/revisions"}],"wp:attachment":[{"href":"http:\/\/www.grunerninstaufen.de\/bvgrn\/index.php?rest_route=%2Fwp%2Fv2%2Fmedia&parent=689"}],"wp:term":[{"taxonomy":"category","embeddable":true,"href":"http:\/\/www.grunerninstaufen.de\/bvgrn\/index.php?rest_route=%2Fwp%2Fv2%2Fcategories&post=689"},{"taxonomy":"post_tag","embeddable":true,"href":"http:\/\/www.grunerninstaufen.de\/bvgrn\/index.php?rest_route=%2Fwp%2Fv2%2Ftags&post=689"}],"curies":[{"name":"wp","href":"https:\/\/api.w.org\/{rel}","templated":true}]}}