{"id":720,"date":"2018-04-09T10:41:29","date_gmt":"2018-04-09T08:41:29","guid":{"rendered":"http:\/\/www.grunern.de\/wordpress\/?p=720"},"modified":"2018-04-09T10:41:29","modified_gmt":"2018-04-09T08:41:29","slug":"wachwechsel-beim-buergerverein-grunern","status":"publish","type":"post","link":"http:\/\/www.grunerninstaufen.de\/bvgrn\/?p=720","title":{"rendered":"Wachwechsel beim B\u00fcrgerverein Grunern"},"content":{"rendered":"<h4>Der neue Vorstand<\/h4>\n<p>besteht aus Achim Breit, Heike Dietsche und Pierre Gautier.<br \/>\n<!--more--><br \/>\nDen ausscheidenden Dr. Ulrich W\u00fcst, Klaus Rhode und Gerrit Schlegel wurden viel Dank und Anerkennung ausgesprochen.<br \/>\nDas Ziel des B\u00fcrgervereins ist d\u00f6rfliche Struktur und Zusammenhalt Grunerns weiterhin zu st\u00e4rken.<br \/>\nKommende Projekte sind: Dorfjubil\u00e4um 875 Jahre Grunern und ein m\u00f6glicher &#8222;\u00d6ko-Turm&#8220; am Friedhof<br \/>\n<a href=\"http:\/\/www.badische-zeitung.de\/staufen\/der-wachwechsel-beim-buergerverein-grunern-ist-vollzogen--151150181.html\" target=\"_blank\" rel=\"noopener\">Bericht in der BZ<\/a><\/p>\n","protected":false},"excerpt":{"rendered":"<p>Der neue Vorstand besteht aus Achim Breit, Heike Dietsche und Pierre Gautier.<\/p>\n","protected":false},"author":1,"featured_media":0,"comment_status":"closed","ping_status":"open","sticky":false,"template":"","format":"standard","meta":{"footnotes":""},"categories":[3],"tags":[],"class_list":["post-720","post","type-post","status-publish","format-standard","hentry","category-alle"],"_links":{"self":[{"href":"http:\/\/www.grunerninstaufen.de\/bvgrn\/index.php?rest_route=\/wp\/v2\/posts\/720","targetHints":{"allow":["GET"]}}],"collection":[{"href":"http:\/\/www.grunerninstaufen.de\/bvgrn\/index.php?rest_route=\/wp\/v2\/posts"}],"about":[{"href":"http:\/\/www.grunerninstaufen.de\/bvgrn\/index.php?rest_route=\/wp\/v2\/types\/post"}],"author":[{"embeddable":true,"href":"http:\/\/www.grunerninstaufen.de\/bvgrn\/index.php?rest_route=\/wp\/v2\/users\/1"}],"replies":[{"embeddable":true,"href":"http:\/\/www.grunerninstaufen.de\/bvgrn\/index.php?rest_route=%2Fwp%2Fv2%2Fcomments&post=720"}],"version-history":[{"count":0,"href":"http:\/\/www.grunerninstaufen.de\/bvgrn\/index.php?rest_route=\/wp\/v2\/posts\/720\/revisions"}],"wp:attachment":[{"href":"http:\/\/www.grunerninstaufen.de\/bvgrn\/index.php?rest_route=%2Fwp%2Fv2%2Fmedia&parent=720"}],"wp:term":[{"taxonomy":"category","embeddable":true,"href":"http:\/\/www.grunerninstaufen.de\/bvgrn\/index.php?rest_route=%2Fwp%2Fv2%2Fcategories&post=720"},{"taxonomy":"post_tag","embeddable":true,"href":"http:\/\/www.grunerninstaufen.de\/bvgrn\/index.php?rest_route=%2Fwp%2Fv2%2Ftags&post=720"}],"curies":[{"name":"wp","href":"https:\/\/api.w.org\/{rel}","templated":true}]}}