{"id":1422,"date":"2020-09-21T08:34:49","date_gmt":"2020-09-21T10:34:49","guid":{"rendered":"http:\/\/www.grunerninstaufen.de\/bvgrn\/?p=1422"},"modified":"2020-09-22T08:47:33","modified_gmt":"2020-09-22T10:47:33","slug":"malwettbewerb-2020","status":"publish","type":"post","link":"https:\/\/www.grunerninstaufen.de\/bvgrn\/?p=1422","title":{"rendered":"Malwettbewerb 2020"},"content":{"rendered":"<p>Liebe Kinder und Jugendliche,<\/p>\n<p>auf diesem Wege m\u00f6chten wir uns nochmal herzlich bei allen jungen K\u00fcnstlerinen und K\u00fcnstlern f\u00fcr die Teilnahme am Malprojekt &#8222;unser Dorf&#8220; bedanken. Es ist toll zu sehen, was Euch mit Grunern ganz besonders verbindet und es war deutlich zu sehen, dass ihr Euch echt richtig viel M\u00fche gemacht habt. <!--more--><\/p>\n<p>Wir haben uns inzwischen der schweren Aufgabe gestellt, 3 Gewinner auszusuchen und haben uns<br \/>\nf\u00fcr die drei oberen entschieden. Den Gewinnern werden Ihre Preise pers\u00f6nlich \u00fcbergeben.<\/p>\n<p>Wir hoffen es hat Euch Spa\u00df gemacht und wir w\u00fcnschen Euch m\u00f6glichst viel Zeit, die ihr an Euren Lieblingspl\u00e4tzen verbringen k\u00f6nnt.<\/p>\n<p>Herzliche Gr\u00fc\u00dfe,<\/p>\n<p>Heike Dietsche<br \/>\n(f\u00fcr den gesamten Vorstand des BV Grunern)<\/p>\n<p>&nbsp;<\/p>\n<p>Drei Gewinner<\/p>\n<figure id=\"attachment_1416\" aria-describedby=\"caption-attachment-1416\" style=\"width: 300px\" class=\"wp-caption alignleft\"><a href=\"http:\/\/www.grunerninstaufen.de\/bvgrn\/wp-content\/uploads\/2020\/09\/Len.jpg\"><img loading=\"lazy\" decoding=\"async\" class=\"size-medium wp-image-1416\" src=\"http:\/\/www.grunerninstaufen.de\/bvgrn\/wp-content\/uploads\/2020\/09\/Len-300x212.jpg\" alt=\"\" width=\"300\" height=\"212\" srcset=\"https:\/\/www.grunerninstaufen.de\/bvgrn\/wp-content\/uploads\/2020\/09\/Len-300x212.jpg 300w, https:\/\/www.grunerninstaufen.de\/bvgrn\/wp-content\/uploads\/2020\/09\/Len-768x543.jpg 768w, https:\/\/www.grunerninstaufen.de\/bvgrn\/wp-content\/uploads\/2020\/09\/Len.jpg 878w\" sizes=\"auto, (max-width: 300px) 100vw, 300px\" \/><\/a><figcaption id=\"caption-attachment-1416\" class=\"wp-caption-text\">11 Jahre<\/figcaption><\/figure>\n<figure id=\"attachment_1414\" aria-describedby=\"caption-attachment-1414\" style=\"width: 212px\" class=\"wp-caption alignnone\"><a href=\"http:\/\/www.grunerninstaufen.de\/bvgrn\/wp-content\/uploads\/2020\/09\/Ild.jpg\"><img loading=\"lazy\" decoding=\"async\" class=\"size-medium wp-image-1414\" src=\"http:\/\/www.grunerninstaufen.de\/bvgrn\/wp-content\/uploads\/2020\/09\/Ild-212x300.jpg\" alt=\"\" width=\"212\" height=\"300\" srcset=\"https:\/\/www.grunerninstaufen.de\/bvgrn\/wp-content\/uploads\/2020\/09\/Ild-212x300.jpg 212w, https:\/\/www.grunerninstaufen.de\/bvgrn\/wp-content\/uploads\/2020\/09\/Ild.jpg 621w\" sizes=\"auto, (max-width: 212px) 100vw, 212px\" \/><\/a><figcaption id=\"caption-attachment-1414\" class=\"wp-caption-text\">8 Jahre<\/figcaption><\/figure>\n<p><a href=\"http:\/\/www.grunerninstaufen.de\/bvgrn\/wp-content\/uploads\/2020\/09\/Mat.jpg\"><img loading=\"lazy\" decoding=\"async\" class=\"alignnone size-medium wp-image-1418\" src=\"http:\/\/www.grunerninstaufen.de\/bvgrn\/wp-content\/uploads\/2020\/09\/Mat-300x212.jpg\" alt=\"\" width=\"300\" height=\"212\" srcset=\"https:\/\/www.grunerninstaufen.de\/bvgrn\/wp-content\/uploads\/2020\/09\/Mat-300x212.jpg 300w, https:\/\/www.grunerninstaufen.de\/bvgrn\/wp-content\/uploads\/2020\/09\/Mat-768x543.jpg 768w, https:\/\/www.grunerninstaufen.de\/bvgrn\/wp-content\/uploads\/2020\/09\/Mat.jpg 993w\" sizes=\"auto, (max-width: 300px) 100vw, 300px\" \/><\/a><\/p>\n<p>Weitere Teilnehmer*innen:<\/p>\n<figure id=\"attachment_1415\" aria-describedby=\"caption-attachment-1415\" style=\"width: 300px\" class=\"wp-caption alignleft\"><a href=\"http:\/\/www.grunerninstaufen.de\/bvgrn\/wp-content\/uploads\/2020\/09\/Lau.jpg\"><img loading=\"lazy\" decoding=\"async\" class=\"size-medium wp-image-1415\" src=\"http:\/\/www.grunerninstaufen.de\/bvgrn\/wp-content\/uploads\/2020\/09\/Lau-300x212.jpg\" alt=\"\" width=\"300\" height=\"212\" srcset=\"https:\/\/www.grunerninstaufen.de\/bvgrn\/wp-content\/uploads\/2020\/09\/Lau-300x212.jpg 300w, https:\/\/www.grunerninstaufen.de\/bvgrn\/wp-content\/uploads\/2020\/09\/Lau-768x543.jpg 768w, https:\/\/www.grunerninstaufen.de\/bvgrn\/wp-content\/uploads\/2020\/09\/Lau.jpg 878w\" sizes=\"auto, (max-width: 300px) 100vw, 300px\" \/><\/a><figcaption id=\"caption-attachment-1415\" class=\"wp-caption-text\">8 Jahre<\/figcaption><\/figure>\n<figure id=\"attachment_1417\" aria-describedby=\"caption-attachment-1417\" style=\"width: 300px\" class=\"wp-caption alignnone\"><a href=\"http:\/\/www.grunerninstaufen.de\/bvgrn\/wp-content\/uploads\/2020\/09\/Lui.jpg\"><img loading=\"lazy\" decoding=\"async\" class=\"size-medium wp-image-1417\" src=\"http:\/\/www.grunerninstaufen.de\/bvgrn\/wp-content\/uploads\/2020\/09\/Lui-300x212.jpg\" alt=\"\" width=\"300\" height=\"212\" srcset=\"https:\/\/www.grunerninstaufen.de\/bvgrn\/wp-content\/uploads\/2020\/09\/Lui-300x212.jpg 300w, https:\/\/www.grunerninstaufen.de\/bvgrn\/wp-content\/uploads\/2020\/09\/Lui-768x543.jpg 768w, https:\/\/www.grunerninstaufen.de\/bvgrn\/wp-content\/uploads\/2020\/09\/Lui.jpg 878w\" sizes=\"auto, (max-width: 300px) 100vw, 300px\" \/><\/a><figcaption id=\"caption-attachment-1417\" class=\"wp-caption-text\">13 Jahre<\/figcaption><\/figure>\n<figure id=\"attachment_1419\" aria-describedby=\"caption-attachment-1419\" style=\"width: 212px\" class=\"wp-caption alignnone\"><a href=\"http:\/\/www.grunerninstaufen.de\/bvgrn\/wp-content\/uploads\/2020\/09\/Sam.jpg\"><img loading=\"lazy\" decoding=\"async\" class=\"size-medium wp-image-1419\" src=\"http:\/\/www.grunerninstaufen.de\/bvgrn\/wp-content\/uploads\/2020\/09\/Sam-212x300.jpg\" alt=\"\" width=\"212\" height=\"300\" srcset=\"https:\/\/www.grunerninstaufen.de\/bvgrn\/wp-content\/uploads\/2020\/09\/Sam-212x300.jpg 212w, https:\/\/www.grunerninstaufen.de\/bvgrn\/wp-content\/uploads\/2020\/09\/Sam.jpg 579w\" sizes=\"auto, (max-width: 212px) 100vw, 212px\" \/><\/a><figcaption id=\"caption-attachment-1419\" class=\"wp-caption-text\">7 Jahre<\/figcaption><\/figure>\n<figure id=\"attachment_1420\" aria-describedby=\"caption-attachment-1420\" style=\"width: 212px\" class=\"wp-caption alignnone\"><a href=\"http:\/\/www.grunerninstaufen.de\/bvgrn\/wp-content\/uploads\/2020\/09\/Sar.jpg\"><img loading=\"lazy\" decoding=\"async\" class=\"size-medium wp-image-1420\" src=\"http:\/\/www.grunerninstaufen.de\/bvgrn\/wp-content\/uploads\/2020\/09\/Sar-212x300.jpg\" alt=\"\" width=\"212\" height=\"300\" srcset=\"https:\/\/www.grunerninstaufen.de\/bvgrn\/wp-content\/uploads\/2020\/09\/Sar-212x300.jpg 212w, https:\/\/www.grunerninstaufen.de\/bvgrn\/wp-content\/uploads\/2020\/09\/Sar.jpg 579w\" sizes=\"auto, (max-width: 212px) 100vw, 212px\" \/><\/a><figcaption id=\"caption-attachment-1420\" class=\"wp-caption-text\">9 Jahre<\/figcaption><\/figure>\n","protected":false},"excerpt":{"rendered":"<p>Liebe Kinder und Jugendliche, auf diesem Wege m\u00f6chten wir uns nochmal herzlich bei allen jungen K\u00fcnstlerinen und K\u00fcnstlern f\u00fcr die Teilnahme am Malprojekt &#8222;unser Dorf&#8220; bedanken. Es ist toll zu sehen, was Euch mit Grunern ganz besonders verbindet und es war deutlich zu sehen, dass ihr Euch echt richtig viel M\u00fche gemacht habt.<\/p>\n","protected":false},"author":1,"featured_media":0,"comment_status":"closed","ping_status":"open","sticky":false,"template":"","format":"standard","meta":{"footnotes":""},"categories":[3,6],"tags":[],"class_list":["post-1422","post","type-post","status-publish","format-standard","hentry","category-alle","category-kultur"],"_links":{"self":[{"href":"https:\/\/www.grunerninstaufen.de\/bvgrn\/index.php?rest_route=\/wp\/v2\/posts\/1422","targetHints":{"allow":["GET"]}}],"collection":[{"href":"https:\/\/www.grunerninstaufen.de\/bvgrn\/index.php?rest_route=\/wp\/v2\/posts"}],"about":[{"href":"https:\/\/www.grunerninstaufen.de\/bvgrn\/index.php?rest_route=\/wp\/v2\/types\/post"}],"author":[{"embeddable":true,"href":"https:\/\/www.grunerninstaufen.de\/bvgrn\/index.php?rest_route=\/wp\/v2\/users\/1"}],"replies":[{"embeddable":true,"href":"https:\/\/www.grunerninstaufen.de\/bvgrn\/index.php?rest_route=%2Fwp%2Fv2%2Fcomments&post=1422"}],"version-history":[{"count":5,"href":"https:\/\/www.grunerninstaufen.de\/bvgrn\/index.php?rest_route=\/wp\/v2\/posts\/1422\/revisions"}],"predecessor-version":[{"id":1429,"href":"https:\/\/www.grunerninstaufen.de\/bvgrn\/index.php?rest_route=\/wp\/v2\/posts\/1422\/revisions\/1429"}],"wp:attachment":[{"href":"https:\/\/www.grunerninstaufen.de\/bvgrn\/index.php?rest_route=%2Fwp%2Fv2%2Fmedia&parent=1422"}],"wp:term":[{"taxonomy":"category","embeddable":true,"href":"https:\/\/www.grunerninstaufen.de\/bvgrn\/index.php?rest_route=%2Fwp%2Fv2%2Fcategories&post=1422"},{"taxonomy":"post_tag","embeddable":true,"href":"https:\/\/www.grunerninstaufen.de\/bvgrn\/index.php?rest_route=%2Fwp%2Fv2%2Ftags&post=1422"}],"curies":[{"name":"wp","href":"https:\/\/api.w.org\/{rel}","templated":true}]}}